{"id":4167,"date":"2023-08-17T13:17:47","date_gmt":"2023-08-17T17:17:47","guid":{"rendered":"https:\/\/www.trveinterculturel.com\/talento-de-musicos-venezolanos\/"},"modified":"2023-08-17T17:14:19","modified_gmt":"2023-08-17T21:14:19","slug":"talent-of-venezuelan-musicians","status":"publish","type":"post","link":"https:\/\/www.trveinterculturel.com\/en\/talent-of-venezuelan-musicians\/","title":{"rendered":"Puentes Interculturales Foundation highlights the talent of venezuelan musicians"},"content":{"rendered":"<div class=\"fusion-fullwidth fullwidth-box fusion-builder-row-1 nonhundred-percent-fullwidth non-hundred-percent-height-scrolling\" style=\"--awb-border-radius-top-left:0px;--awb-border-radius-top-right:0px;--awb-border-radius-bottom-right:0px;--awb-border-radius-bottom-left:0px;\" ><div class=\"fusion-builder-row fusion-row\"><div class=\"fusion-layout-column fusion_builder_column fusion-builder-column-0 fusion_builder_column_1_1 1_1 fusion-one-full fusion-column-first fusion-column-last\" style=\"--awb-bg-size:cover;--awb-margin-bottom:0px;\"><div class=\"fusion-column-wrapper fusion-flex-column-wrapper-legacy\"><div class=\"fusion-text fusion-text-1 fusion-text-no-margin\" style=\"--awb-margin-bottom:70px;\"><div class=\"page\" title=\"Page 1\">\n<div class=\"section\">\n<div class=\"layoutArea\">\n<div class=\"column\">\n<div class=\"page\" title=\"Page 1\">\n<div class=\"section\">\n<div class=\"layoutArea\">\n<div class=\"column\">\n<p align=\"justify\">The <strong>Puentes Interculturales Foundation<\/strong> believes in a world in which each person can have the opportunity to unfold their full potential for growth and fundamental development.<\/p>\n<p align=\"justify\">From the <strong>Cultural Axis<\/strong> the foundation plans and guarantees activities of cultural, artistic, musical, philosophical, gastronomic, literary promotion, among others. It supports new talents and seeks their projection worldwide, as is the case of Isidro Landaeta and Nelson Echandia.<\/p>\n<p align=\"justify\"><strong>Isidro Landaeta<\/strong> is a Venezuelan cuatro player, soloist\/accompanist, with 13 years of musical experience where he has shared and recorded with different artists such as maestro Luis Herrera, Cristhian Vasquez, Gustavo Dudamel, Pacho Flores, Neguito Borjas, Teo Galindez, Cheo Hurtado, Manuel Rangel, Reynaldo Armas, Reis Belico, Betsaida Machado, Compasses, La Philarmonic de los Angeles, Orchestra System of Venezuela, Huascar Barradas, el Zancudo Pe\u00f1a, Leonardo Lozano, Pablo Camacaro, Hector Molina, Edward Ramirez, Nella Rojas among others.<\/p>\n<p align=\"justify\">He has <strong>won national and international festivals<\/strong> where the most outstanding ones are La Siembra del Cuatro 2019 as Best Cuatrista and El Torneo Internacional del Joropo 2021 as Best Unpublished Work for the Cuatro Soloist. He is currently a founding member of the alma llanera program in Venezuela, Henry Rubio Professional Orchestra, Suena4, Isidro&amp;Nelson and his solo project.<\/p>\n<p align=\"justify\"><strong>Nelson Echandia<\/strong> is a solo bassist\/accompanist with 25 years of musical experience where he has shared and recorded with artists such as Aquiles Baez, Gerry Weill, C4trio, Simon Bolivar Big Band, Cristhian Vasquez, Compasses, Cheo Hurtado, Manuel Rangel, Chipi Chac\u00f3n, Erick Chac\u00f3n, Emilio Lovera, Larry Bellorin, Joe Troop, Anxo Lorenzo, Luis Fernando Borjas, Victor Mu\u00f1oz, Corina Smith, Juan Miguel, Sixto Rein, Marcial Isturiz, Betsaida Machado, Karina, hana Kobayashi, Alejandro Zavala, among others.<\/p>\n<p align=\"justify\">He has <strong>won National and International Festivals<\/strong> where the ones that stand out the most are Silb\u00f3n de Oro Best Solo Bassist (2009 and 2011) San Martin de Los Llanos Best Bassist (2009, 2010, 2012 and 2014) Torneo Internacional del Joropo Best Bassist (2014) Torneo Internacional del Retorno Best Bassist (2012) Santa B\u00e1rbara de Arauca (2012) Festival Internacional del Jazz Barquisimeto (2011) Achill Harp Festival (2018) Noia Harp Festival (2019) Music Generati\u00f3n Loise (2018) Gasteig de Munich (2019) Feria de la Chinita in Spain (2019) kaffeehaus mila (2019) was nominated for the Latin Grammy 2020 as best instrumental album with Agrupaci\u00f3n Compasses. He has participated with the musicalization of Tom Clancy&#8217;s Jack Ryan Series. He is currently an Electric Bass Teacher at Audioplace Academy, Member of Compasses and Suena4.<\/p>\n<p align=\"justify\">Their talent has led them to continue studying and training to perform a masterful work not only in their homeland but also internationally. In May and June <strong>Isidro Landaeta and Nelson Echandia<\/strong> together with the support of the Puentes Interculturales Foundation made an international tour in countries such as Austria, Turkey, Mexico, Colombia, Spain, Luxembourg. Where they performed different activities such as: Masterclass, concerts, workshops and recordings with different artists from around the world, having the opportunity to artistically exalt and make known their roots.<\/p>\n<p align=\"justify\">Isidro Landaeta and Nelson Echandia accompanied the Foundation to the activities in the communities for the <strong>celebration of Children&#8217;s Day<\/strong> where they not only showed their undoubted talent but also encouraged the children&#8217;s curiosity for music and instruments, inviting them to understand that music reaches any place and any corner and that dreams come true with perseverance, study and dedication.<\/p>\n<\/div>\n<\/div>\n<\/div>\n<\/div>\n<\/div>\n<\/div>\n<\/div>\n<\/div>\n<\/div><div class=\"fusion-image-carousel fusion-image-carousel-auto fusion-image-carousel-1 lightbox-enabled fusion-carousel-border\"><div class=\"awb-carousel awb-swiper awb-swiper-carousel\" data-autoplay=\"no\" data-columns=\"1\" data-itemmargin=\"13\" data-itemwidth=\"180\" data-touchscroll=\"no\" data-imagesize=\"auto\" style=\"--awb-columns:1;\"><div class=\"swiper-wrapper awb-image-carousel-wrapper fusion-flex-align-items-center\"><div class=\"swiper-slide\"><div class=\"fusion-carousel-item-wrapper\"><div class=\"fusion-image-wrapper hover-type-none\"><a data-rel=\"iLightbox[image_carousel_1]\" data-title=\"IMG_9736\" aria-label=\"IMG_9736\" href=\"https:\/\/www.trveinterculturel.com\/wp-content\/uploads\/2023\/08\/IMG_9736-scaled.jpg\" target=\"_self\"><img decoding=\"async\" width=\"2560\" height=\"1707\" src=\"https:\/\/www.trveinterculturel.com\/wp-content\/uploads\/2023\/08\/IMG_9736-scaled.jpg\" class=\"attachment-full size-full\" alt=\"\" srcset=\"https:\/\/www.trveinterculturel.com\/wp-content\/uploads\/2023\/08\/IMG_9736-200x133.jpg 200w, https:\/\/www.trveinterculturel.com\/wp-content\/uploads\/2023\/08\/IMG_9736-300x200.jpg 300w, https:\/\/www.trveinterculturel.com\/wp-content\/uploads\/2023\/08\/IMG_9736-400x267.jpg 400w, https:\/\/www.trveinterculturel.com\/wp-content\/uploads\/2023\/08\/IMG_9736-500x333.jpg 500w, https:\/\/www.trveinterculturel.com\/wp-content\/uploads\/2023\/08\/IMG_9736-600x400.jpg 600w, https:\/\/www.trveinterculturel.com\/wp-content\/uploads\/2023\/08\/IMG_9736-700x467.jpg 700w, https:\/\/www.trveinterculturel.com\/wp-content\/uploads\/2023\/08\/IMG_9736-768x512.jpg 768w, https:\/\/www.trveinterculturel.com\/wp-content\/uploads\/2023\/08\/IMG_9736-800x533.jpg 800w, https:\/\/www.trveinterculturel.com\/wp-content\/uploads\/2023\/08\/IMG_9736-1024x683.jpg 1024w, https:\/\/www.trveinterculturel.com\/wp-content\/uploads\/2023\/08\/IMG_9736-1200x800.jpg 1200w, https:\/\/www.trveinterculturel.com\/wp-content\/uploads\/2023\/08\/IMG_9736-1536x1024.jpg 1536w, https:\/\/www.trveinterculturel.com\/wp-content\/uploads\/2023\/08\/IMG_9736-scaled.jpg 2560w\" sizes=\"(max-width: 2560px) 100vw, 2560px\" \/><\/a><\/div><\/div><\/div><div class=\"swiper-slide\"><div class=\"fusion-carousel-item-wrapper\"><div class=\"fusion-image-wrapper hover-type-none\"><a data-rel=\"iLightbox[image_carousel_1]\" data-title=\"HEADER\" aria-label=\"HEADER\" href=\"https:\/\/www.trveinterculturel.com\/wp-content\/uploads\/2023\/08\/HEADER.jpg\" target=\"_self\"><img decoding=\"async\" width=\"1280\" height=\"718\" src=\"https:\/\/www.trveinterculturel.com\/wp-content\/uploads\/2023\/08\/HEADER.jpg\" class=\"attachment-full size-full\" alt=\"La Fundaci\u00f3n Puentes Interculturales destaca el talento de m\u00fasicos venezolanos\" srcset=\"https:\/\/www.trveinterculturel.com\/wp-content\/uploads\/2023\/08\/HEADER-200x112.jpg 200w, https:\/\/www.trveinterculturel.com\/wp-content\/uploads\/2023\/08\/HEADER-300x168.jpg 300w, https:\/\/www.trveinterculturel.com\/wp-content\/uploads\/2023\/08\/HEADER-400x224.jpg 400w, https:\/\/www.trveinterculturel.com\/wp-content\/uploads\/2023\/08\/HEADER-500x280.jpg 500w, https:\/\/www.trveinterculturel.com\/wp-content\/uploads\/2023\/08\/HEADER-600x337.jpg 600w, https:\/\/www.trveinterculturel.com\/wp-content\/uploads\/2023\/08\/HEADER-700x393.jpg 700w, https:\/\/www.trveinterculturel.com\/wp-content\/uploads\/2023\/08\/HEADER-768x431.jpg 768w, https:\/\/www.trveinterculturel.com\/wp-content\/uploads\/2023\/08\/HEADER-800x449.jpg 800w, https:\/\/www.trveinterculturel.com\/wp-content\/uploads\/2023\/08\/HEADER-1024x574.jpg 1024w, https:\/\/www.trveinterculturel.com\/wp-content\/uploads\/2023\/08\/HEADER-1200x673.jpg 1200w, https:\/\/www.trveinterculturel.com\/wp-content\/uploads\/2023\/08\/HEADER.jpg 1280w\" sizes=\"(max-width: 1280px) 100vw, 1280px\" \/><\/a><\/div><\/div><\/div><div class=\"swiper-slide\"><div class=\"fusion-carousel-item-wrapper\"><div class=\"fusion-image-wrapper hover-type-none\"><a data-rel=\"iLightbox[image_carousel_1]\" data-title=\"IMG_9736\" aria-label=\"IMG_9736\" href=\"https:\/\/www.trveinterculturel.com\/wp-content\/uploads\/2023\/08\/IMG_9736-scaled.jpg\" target=\"_self\"><img decoding=\"async\" width=\"2560\" height=\"1707\" src=\"https:\/\/www.trveinterculturel.com\/wp-content\/uploads\/2023\/08\/IMG_9736-scaled.jpg\" class=\"attachment-full size-full\" alt=\"\" srcset=\"https:\/\/www.trveinterculturel.com\/wp-content\/uploads\/2023\/08\/IMG_9736-200x133.jpg 200w, https:\/\/www.trveinterculturel.com\/wp-content\/uploads\/2023\/08\/IMG_9736-300x200.jpg 300w, https:\/\/www.trveinterculturel.com\/wp-content\/uploads\/2023\/08\/IMG_9736-400x267.jpg 400w, https:\/\/www.trveinterculturel.com\/wp-content\/uploads\/2023\/08\/IMG_9736-500x333.jpg 500w, https:\/\/www.trveinterculturel.com\/wp-content\/uploads\/2023\/08\/IMG_9736-600x400.jpg 600w, https:\/\/www.trveinterculturel.com\/wp-content\/uploads\/2023\/08\/IMG_9736-700x467.jpg 700w, https:\/\/www.trveinterculturel.com\/wp-content\/uploads\/2023\/08\/IMG_9736-768x512.jpg 768w, https:\/\/www.trveinterculturel.com\/wp-content\/uploads\/2023\/08\/IMG_9736-800x533.jpg 800w, https:\/\/www.trveinterculturel.com\/wp-content\/uploads\/2023\/08\/IMG_9736-1024x683.jpg 1024w, https:\/\/www.trveinterculturel.com\/wp-content\/uploads\/2023\/08\/IMG_9736-1200x800.jpg 1200w, https:\/\/www.trveinterculturel.com\/wp-content\/uploads\/2023\/08\/IMG_9736-1536x1024.jpg 1536w, https:\/\/www.trveinterculturel.com\/wp-content\/uploads\/2023\/08\/IMG_9736-scaled.jpg 2560w\" sizes=\"(max-width: 2560px) 100vw, 2560px\" \/><\/a><\/div><\/div><\/div><div class=\"swiper-slide\"><div class=\"fusion-carousel-item-wrapper\"><div class=\"fusion-image-wrapper hover-type-none\"><a data-rel=\"iLightbox[image_carousel_1]\" data-title=\"IMG_9784\" aria-label=\"IMG_9784\" href=\"https:\/\/www.trveinterculturel.com\/wp-content\/uploads\/2023\/08\/IMG_9784-scaled.jpg\" target=\"_self\"><img decoding=\"async\" width=\"2560\" height=\"1707\" src=\"https:\/\/www.trveinterculturel.com\/wp-content\/uploads\/2023\/08\/IMG_9784-scaled.jpg\" class=\"attachment-full size-full\" alt=\"\" srcset=\"https:\/\/www.trveinterculturel.com\/wp-content\/uploads\/2023\/08\/IMG_9784-200x133.jpg 200w, https:\/\/www.trveinterculturel.com\/wp-content\/uploads\/2023\/08\/IMG_9784-300x200.jpg 300w, https:\/\/www.trveinterculturel.com\/wp-content\/uploads\/2023\/08\/IMG_9784-400x267.jpg 400w, https:\/\/www.trveinterculturel.com\/wp-content\/uploads\/2023\/08\/IMG_9784-500x333.jpg 500w, https:\/\/www.trveinterculturel.com\/wp-content\/uploads\/2023\/08\/IMG_9784-600x400.jpg 600w, https:\/\/www.trveinterculturel.com\/wp-content\/uploads\/2023\/08\/IMG_9784-700x467.jpg 700w, https:\/\/www.trveinterculturel.com\/wp-content\/uploads\/2023\/08\/IMG_9784-768x512.jpg 768w, https:\/\/www.trveinterculturel.com\/wp-content\/uploads\/2023\/08\/IMG_9784-800x533.jpg 800w, https:\/\/www.trveinterculturel.com\/wp-content\/uploads\/2023\/08\/IMG_9784-1024x683.jpg 1024w, https:\/\/www.trveinterculturel.com\/wp-content\/uploads\/2023\/08\/IMG_9784-1200x800.jpg 1200w, https:\/\/www.trveinterculturel.com\/wp-content\/uploads\/2023\/08\/IMG_9784-1536x1024.jpg 1536w, https:\/\/www.trveinterculturel.com\/wp-content\/uploads\/2023\/08\/IMG_9784-scaled.jpg 2560w\" sizes=\"(max-width: 2560px) 100vw, 2560px\" \/><\/a><\/div><\/div><\/div><div class=\"swiper-slide\"><div class=\"fusion-carousel-item-wrapper\"><div class=\"fusion-image-wrapper hover-type-none\"><a data-rel=\"iLightbox[image_carousel_1]\" data-title=\"photo_5069330113010707194_y\" aria-label=\"photo_5069330113010707194_y\" href=\"https:\/\/www.trveinterculturel.com\/wp-content\/uploads\/2023\/08\/photo_5069330113010707194_y.jpg\" target=\"_self\"><img decoding=\"async\" width=\"1105\" height=\"1105\" src=\"https:\/\/www.trveinterculturel.com\/wp-content\/uploads\/2023\/08\/photo_5069330113010707194_y.jpg\" class=\"attachment-full size-full\" alt=\"\" srcset=\"https:\/\/www.trveinterculturel.com\/wp-content\/uploads\/2023\/08\/photo_5069330113010707194_y-66x66.jpg 66w, https:\/\/www.trveinterculturel.com\/wp-content\/uploads\/2023\/08\/photo_5069330113010707194_y-150x150.jpg 150w, https:\/\/www.trveinterculturel.com\/wp-content\/uploads\/2023\/08\/photo_5069330113010707194_y-200x200.jpg 200w, https:\/\/www.trveinterculturel.com\/wp-content\/uploads\/2023\/08\/photo_5069330113010707194_y-300x300.jpg 300w, https:\/\/www.trveinterculturel.com\/wp-content\/uploads\/2023\/08\/photo_5069330113010707194_y-400x400.jpg 400w, https:\/\/www.trveinterculturel.com\/wp-content\/uploads\/2023\/08\/photo_5069330113010707194_y-500x500.jpg 500w, https:\/\/www.trveinterculturel.com\/wp-content\/uploads\/2023\/08\/photo_5069330113010707194_y-600x600.jpg 600w, https:\/\/www.trveinterculturel.com\/wp-content\/uploads\/2023\/08\/photo_5069330113010707194_y-700x700.jpg 700w, https:\/\/www.trveinterculturel.com\/wp-content\/uploads\/2023\/08\/photo_5069330113010707194_y-768x768.jpg 768w, https:\/\/www.trveinterculturel.com\/wp-content\/uploads\/2023\/08\/photo_5069330113010707194_y-800x800.jpg 800w, https:\/\/www.trveinterculturel.com\/wp-content\/uploads\/2023\/08\/photo_5069330113010707194_y-1024x1024.jpg 1024w, https:\/\/www.trveinterculturel.com\/wp-content\/uploads\/2023\/08\/photo_5069330113010707194_y.jpg 1105w\" sizes=\"(max-width: 1105px) 100vw, 1105px\" \/><\/a><\/div><\/div><\/div><div class=\"swiper-slide\"><div class=\"fusion-carousel-item-wrapper\"><div class=\"fusion-image-wrapper hover-type-none\"><a data-rel=\"iLightbox[image_carousel_1]\" data-title=\"photo_5069330113010707189_y\" aria-label=\"photo_5069330113010707189_y\" href=\"https:\/\/www.trveinterculturel.com\/wp-content\/uploads\/2023\/08\/photo_5069330113010707189_y.jpg\" target=\"_self\"><img decoding=\"async\" width=\"1225\" height=\"689\" src=\"https:\/\/www.trveinterculturel.com\/wp-content\/uploads\/2023\/08\/photo_5069330113010707189_y.jpg\" class=\"attachment-full size-full\" alt=\"\" srcset=\"https:\/\/www.trveinterculturel.com\/wp-content\/uploads\/2023\/08\/photo_5069330113010707189_y-200x112.jpg 200w, https:\/\/www.trveinterculturel.com\/wp-content\/uploads\/2023\/08\/photo_5069330113010707189_y-300x169.jpg 300w, https:\/\/www.trveinterculturel.com\/wp-content\/uploads\/2023\/08\/photo_5069330113010707189_y-400x225.jpg 400w, https:\/\/www.trveinterculturel.com\/wp-content\/uploads\/2023\/08\/photo_5069330113010707189_y-500x281.jpg 500w, https:\/\/www.trveinterculturel.com\/wp-content\/uploads\/2023\/08\/photo_5069330113010707189_y-600x337.jpg 600w, https:\/\/www.trveinterculturel.com\/wp-content\/uploads\/2023\/08\/photo_5069330113010707189_y-700x394.jpg 700w, https:\/\/www.trveinterculturel.com\/wp-content\/uploads\/2023\/08\/photo_5069330113010707189_y-768x432.jpg 768w, https:\/\/www.trveinterculturel.com\/wp-content\/uploads\/2023\/08\/photo_5069330113010707189_y-800x450.jpg 800w, https:\/\/www.trveinterculturel.com\/wp-content\/uploads\/2023\/08\/photo_5069330113010707189_y-1024x576.jpg 1024w, https:\/\/www.trveinterculturel.com\/wp-content\/uploads\/2023\/08\/photo_5069330113010707189_y-1200x675.jpg 1200w, https:\/\/www.trveinterculturel.com\/wp-content\/uploads\/2023\/08\/photo_5069330113010707189_y.jpg 1225w\" sizes=\"(max-width: 1225px) 100vw, 1225px\" \/><\/a><\/div><\/div><\/div><\/div><div class=\"awb-swiper-button awb-swiper-button-prev\"><i class=\"awb-icon-angle-left\" aria-hidden=\"true\"><\/i><\/div><div class=\"awb-swiper-button awb-swiper-button-next\"><i class=\"awb-icon-angle-right\" aria-hidden=\"true\"><\/i><\/div><\/div><\/div><div class=\"fusion-clearfix\"><\/div><\/div><\/div><\/div><\/div>\n","protected":false},"excerpt":{"rendered":"","protected":false},"author":1,"featured_media":4146,"comment_status":"closed","ping_status":"closed","sticky":false,"template":"","format":"standard","meta":{"footnotes":""},"categories":[108],"tags":[125,124],"class_list":["post-4167","post","type-post","status-publish","format-standard","has-post-thumbnail","hentry","category-trve-en","tag-talent-of-venezuelan-musicians","tag-talento-de-musicos-venezolanos-en"],"acf":[],"yoast_head":"<!-- This site is optimized with the Yoast SEO plugin v27.2 - https:\/\/yoast.com\/product\/yoast-seo-wordpress\/ -->\n<title>The Foundation highlights the talent of venezuelan musicians<\/title>\n<meta name=\"description\" content=\"Puentes Interculturales Foundation highlights the talent of venezuelan musicians. More info: https:\/\/www.trveinterculturel.com\" \/>\n<meta name=\"robots\" content=\"index, follow, max-snippet:-1, max-image-preview:large, max-video-preview:-1\" \/>\n<link rel=\"canonical\" href=\"https:\/\/www.trveinterculturel.com\/en\/talent-of-venezuelan-musicians\/\" \/>\n<meta property=\"og:locale\" content=\"en_US\" \/>\n<meta property=\"og:type\" content=\"article\" \/>\n<meta property=\"og:title\" content=\"The Foundation highlights the talent of venezuelan musicians\" \/>\n<meta property=\"og:description\" content=\"Puentes Interculturales Foundation highlights the talent of venezuelan musicians. More info: https:\/\/www.trveinterculturel.com\" \/>\n<meta property=\"og:url\" content=\"https:\/\/www.trveinterculturel.com\/en\/talent-of-venezuelan-musicians\/\" \/>\n<meta property=\"og:site_name\" content=\"Interculturel Bridges Foundation - Fundaci\u00f3n Puentes Interculturales\" \/>\n<meta property=\"article:published_time\" content=\"2023-08-17T17:17:47+00:00\" \/>\n<meta property=\"article:modified_time\" content=\"2023-08-17T21:14:19+00:00\" \/>\n<meta property=\"og:image\" content=\"https:\/\/www.trveinterculturel.com\/wp-content\/uploads\/2023\/08\/HEADER.jpg\" \/>\n\t<meta property=\"og:image:width\" content=\"1280\" \/>\n\t<meta property=\"og:image:height\" content=\"718\" \/>\n\t<meta property=\"og:image:type\" content=\"image\/jpeg\" \/>\n<meta name=\"author\" content=\"ibi-admin\" \/>\n<meta name=\"twitter:card\" content=\"summary_large_image\" \/>\n<meta name=\"twitter:label1\" content=\"Written by\" \/>\n\t<meta name=\"twitter:data1\" content=\"ibi-admin\" \/>\n\t<meta name=\"twitter:label2\" content=\"Est. reading time\" \/>\n\t<meta name=\"twitter:data2\" content=\"4 minutes\" \/>\n<script type=\"application\/ld+json\" class=\"yoast-schema-graph\">{\"@context\":\"https:\/\/schema.org\",\"@graph\":[{\"@type\":\"Article\",\"@id\":\"https:\/\/www.trveinterculturel.com\/en\/talent-of-venezuelan-musicians\/#article\",\"isPartOf\":{\"@id\":\"https:\/\/www.trveinterculturel.com\/en\/talent-of-venezuelan-musicians\/\"},\"author\":{\"name\":\"ibi-admin\",\"@id\":\"https:\/\/www.trveinterculturel.com\/en\/#\/schema\/person\/90a13e3814ef3c72b8d9cc7be1cfd530\"},\"headline\":\"Puentes Interculturales Foundation highlights the talent of venezuelan musicians\",\"datePublished\":\"2023-08-17T17:17:47+00:00\",\"dateModified\":\"2023-08-17T21:14:19+00:00\",\"mainEntityOfPage\":{\"@id\":\"https:\/\/www.trveinterculturel.com\/en\/talent-of-venezuelan-musicians\/\"},\"wordCount\":1080,\"image\":{\"@id\":\"https:\/\/www.trveinterculturel.com\/en\/talent-of-venezuelan-musicians\/#primaryimage\"},\"thumbnailUrl\":\"https:\/\/www.trveinterculturel.com\/wp-content\/uploads\/2023\/08\/HEADER.jpg\",\"keywords\":[\"talent of venezuelan musicians\",\"talento de m\u00fasicos venezolanos\"],\"articleSection\":[\"TRVE\"],\"inLanguage\":\"en-US\"},{\"@type\":\"WebPage\",\"@id\":\"https:\/\/www.trveinterculturel.com\/en\/talent-of-venezuelan-musicians\/\",\"url\":\"https:\/\/www.trveinterculturel.com\/en\/talent-of-venezuelan-musicians\/\",\"name\":\"The Foundation highlights the talent of venezuelan musicians\",\"isPartOf\":{\"@id\":\"https:\/\/www.trveinterculturel.com\/en\/#website\"},\"primaryImageOfPage\":{\"@id\":\"https:\/\/www.trveinterculturel.com\/en\/talent-of-venezuelan-musicians\/#primaryimage\"},\"image\":{\"@id\":\"https:\/\/www.trveinterculturel.com\/en\/talent-of-venezuelan-musicians\/#primaryimage\"},\"thumbnailUrl\":\"https:\/\/www.trveinterculturel.com\/wp-content\/uploads\/2023\/08\/HEADER.jpg\",\"datePublished\":\"2023-08-17T17:17:47+00:00\",\"dateModified\":\"2023-08-17T21:14:19+00:00\",\"author\":{\"@id\":\"https:\/\/www.trveinterculturel.com\/en\/#\/schema\/person\/90a13e3814ef3c72b8d9cc7be1cfd530\"},\"description\":\"Puentes Interculturales Foundation highlights the talent of venezuelan musicians. More info: https:\/\/www.trveinterculturel.com\",\"breadcrumb\":{\"@id\":\"https:\/\/www.trveinterculturel.com\/en\/talent-of-venezuelan-musicians\/#breadcrumb\"},\"inLanguage\":\"en-US\",\"potentialAction\":[{\"@type\":\"ReadAction\",\"target\":[\"https:\/\/www.trveinterculturel.com\/en\/talent-of-venezuelan-musicians\/\"]}]},{\"@type\":\"ImageObject\",\"inLanguage\":\"en-US\",\"@id\":\"https:\/\/www.trveinterculturel.com\/en\/talent-of-venezuelan-musicians\/#primaryimage\",\"url\":\"https:\/\/www.trveinterculturel.com\/wp-content\/uploads\/2023\/08\/HEADER.jpg\",\"contentUrl\":\"https:\/\/www.trveinterculturel.com\/wp-content\/uploads\/2023\/08\/HEADER.jpg\",\"width\":1280,\"height\":718,\"caption\":\"La Fundaci\u00f3n Puentes Interculturales destaca el talento de m\u00fasicos venezolanos\"},{\"@type\":\"BreadcrumbList\",\"@id\":\"https:\/\/www.trveinterculturel.com\/en\/talent-of-venezuelan-musicians\/#breadcrumb\",\"itemListElement\":[{\"@type\":\"ListItem\",\"position\":1,\"name\":\"Home\",\"item\":\"https:\/\/www.trveinterculturel.com\/en\/\"},{\"@type\":\"ListItem\",\"position\":2,\"name\":\"Puentes Interculturales Foundation highlights the talent of venezuelan musicians\"}]},{\"@type\":\"WebSite\",\"@id\":\"https:\/\/www.trveinterculturel.com\/en\/#website\",\"url\":\"https:\/\/www.trveinterculturel.com\/en\/\",\"name\":\"Interculturel Bridges Foundation - Fundaci\u00f3n Puentes Interculturales\",\"description\":\"Turkey - Venezuela | Venezuela - Turqu\u00eda\",\"potentialAction\":[{\"@type\":\"SearchAction\",\"target\":{\"@type\":\"EntryPoint\",\"urlTemplate\":\"https:\/\/www.trveinterculturel.com\/en\/?s={search_term_string}\"},\"query-input\":{\"@type\":\"PropertyValueSpecification\",\"valueRequired\":true,\"valueName\":\"search_term_string\"}}],\"inLanguage\":\"en-US\"},{\"@type\":\"Person\",\"@id\":\"https:\/\/www.trveinterculturel.com\/en\/#\/schema\/person\/90a13e3814ef3c72b8d9cc7be1cfd530\",\"name\":\"ibi-admin\",\"image\":{\"@type\":\"ImageObject\",\"inLanguage\":\"en-US\",\"@id\":\"https:\/\/secure.gravatar.com\/avatar\/1c5a98e1a1a794e3da5b625723cfe61624b0d02dc9ff1fc584a0209b09b395c3?s=96&d=mm&r=g\",\"url\":\"https:\/\/secure.gravatar.com\/avatar\/1c5a98e1a1a794e3da5b625723cfe61624b0d02dc9ff1fc584a0209b09b395c3?s=96&d=mm&r=g\",\"contentUrl\":\"https:\/\/secure.gravatar.com\/avatar\/1c5a98e1a1a794e3da5b625723cfe61624b0d02dc9ff1fc584a0209b09b395c3?s=96&d=mm&r=g\",\"caption\":\"ibi-admin\"},\"sameAs\":[\"https:\/\/www.trveinterculturel.com\"],\"url\":\"https:\/\/www.trveinterculturel.com\/en\/author\/ibi-admin\/\"}]}<\/script>\n<!-- \/ Yoast SEO plugin. -->","yoast_head_json":{"title":"The Foundation highlights the talent of venezuelan musicians","description":"Puentes Interculturales Foundation highlights the talent of venezuelan musicians. More info: https:\/\/www.trveinterculturel.com","robots":{"index":"index","follow":"follow","max-snippet":"max-snippet:-1","max-image-preview":"max-image-preview:large","max-video-preview":"max-video-preview:-1"},"canonical":"https:\/\/www.trveinterculturel.com\/en\/talent-of-venezuelan-musicians\/","og_locale":"en_US","og_type":"article","og_title":"The Foundation highlights the talent of venezuelan musicians","og_description":"Puentes Interculturales Foundation highlights the talent of venezuelan musicians. More info: https:\/\/www.trveinterculturel.com","og_url":"https:\/\/www.trveinterculturel.com\/en\/talent-of-venezuelan-musicians\/","og_site_name":"Interculturel Bridges Foundation - Fundaci\u00f3n Puentes Interculturales","article_published_time":"2023-08-17T17:17:47+00:00","article_modified_time":"2023-08-17T21:14:19+00:00","og_image":[{"width":1280,"height":718,"url":"https:\/\/www.trveinterculturel.com\/wp-content\/uploads\/2023\/08\/HEADER.jpg","type":"image\/jpeg"}],"author":"ibi-admin","twitter_card":"summary_large_image","twitter_misc":{"Written by":"ibi-admin","Est. reading time":"4 minutes"},"schema":{"@context":"https:\/\/schema.org","@graph":[{"@type":"Article","@id":"https:\/\/www.trveinterculturel.com\/en\/talent-of-venezuelan-musicians\/#article","isPartOf":{"@id":"https:\/\/www.trveinterculturel.com\/en\/talent-of-venezuelan-musicians\/"},"author":{"name":"ibi-admin","@id":"https:\/\/www.trveinterculturel.com\/en\/#\/schema\/person\/90a13e3814ef3c72b8d9cc7be1cfd530"},"headline":"Puentes Interculturales Foundation highlights the talent of venezuelan musicians","datePublished":"2023-08-17T17:17:47+00:00","dateModified":"2023-08-17T21:14:19+00:00","mainEntityOfPage":{"@id":"https:\/\/www.trveinterculturel.com\/en\/talent-of-venezuelan-musicians\/"},"wordCount":1080,"image":{"@id":"https:\/\/www.trveinterculturel.com\/en\/talent-of-venezuelan-musicians\/#primaryimage"},"thumbnailUrl":"https:\/\/www.trveinterculturel.com\/wp-content\/uploads\/2023\/08\/HEADER.jpg","keywords":["talent of venezuelan musicians","talento de m\u00fasicos venezolanos"],"articleSection":["TRVE"],"inLanguage":"en-US"},{"@type":"WebPage","@id":"https:\/\/www.trveinterculturel.com\/en\/talent-of-venezuelan-musicians\/","url":"https:\/\/www.trveinterculturel.com\/en\/talent-of-venezuelan-musicians\/","name":"The Foundation highlights the talent of venezuelan musicians","isPartOf":{"@id":"https:\/\/www.trveinterculturel.com\/en\/#website"},"primaryImageOfPage":{"@id":"https:\/\/www.trveinterculturel.com\/en\/talent-of-venezuelan-musicians\/#primaryimage"},"image":{"@id":"https:\/\/www.trveinterculturel.com\/en\/talent-of-venezuelan-musicians\/#primaryimage"},"thumbnailUrl":"https:\/\/www.trveinterculturel.com\/wp-content\/uploads\/2023\/08\/HEADER.jpg","datePublished":"2023-08-17T17:17:47+00:00","dateModified":"2023-08-17T21:14:19+00:00","author":{"@id":"https:\/\/www.trveinterculturel.com\/en\/#\/schema\/person\/90a13e3814ef3c72b8d9cc7be1cfd530"},"description":"Puentes Interculturales Foundation highlights the talent of venezuelan musicians. More info: https:\/\/www.trveinterculturel.com","breadcrumb":{"@id":"https:\/\/www.trveinterculturel.com\/en\/talent-of-venezuelan-musicians\/#breadcrumb"},"inLanguage":"en-US","potentialAction":[{"@type":"ReadAction","target":["https:\/\/www.trveinterculturel.com\/en\/talent-of-venezuelan-musicians\/"]}]},{"@type":"ImageObject","inLanguage":"en-US","@id":"https:\/\/www.trveinterculturel.com\/en\/talent-of-venezuelan-musicians\/#primaryimage","url":"https:\/\/www.trveinterculturel.com\/wp-content\/uploads\/2023\/08\/HEADER.jpg","contentUrl":"https:\/\/www.trveinterculturel.com\/wp-content\/uploads\/2023\/08\/HEADER.jpg","width":1280,"height":718,"caption":"La Fundaci\u00f3n Puentes Interculturales destaca el talento de m\u00fasicos venezolanos"},{"@type":"BreadcrumbList","@id":"https:\/\/www.trveinterculturel.com\/en\/talent-of-venezuelan-musicians\/#breadcrumb","itemListElement":[{"@type":"ListItem","position":1,"name":"Home","item":"https:\/\/www.trveinterculturel.com\/en\/"},{"@type":"ListItem","position":2,"name":"Puentes Interculturales Foundation highlights the talent of venezuelan musicians"}]},{"@type":"WebSite","@id":"https:\/\/www.trveinterculturel.com\/en\/#website","url":"https:\/\/www.trveinterculturel.com\/en\/","name":"Interculturel Bridges Foundation - Fundaci\u00f3n Puentes Interculturales","description":"Turkey - Venezuela | Venezuela - Turqu\u00eda","potentialAction":[{"@type":"SearchAction","target":{"@type":"EntryPoint","urlTemplate":"https:\/\/www.trveinterculturel.com\/en\/?s={search_term_string}"},"query-input":{"@type":"PropertyValueSpecification","valueRequired":true,"valueName":"search_term_string"}}],"inLanguage":"en-US"},{"@type":"Person","@id":"https:\/\/www.trveinterculturel.com\/en\/#\/schema\/person\/90a13e3814ef3c72b8d9cc7be1cfd530","name":"ibi-admin","image":{"@type":"ImageObject","inLanguage":"en-US","@id":"https:\/\/secure.gravatar.com\/avatar\/1c5a98e1a1a794e3da5b625723cfe61624b0d02dc9ff1fc584a0209b09b395c3?s=96&d=mm&r=g","url":"https:\/\/secure.gravatar.com\/avatar\/1c5a98e1a1a794e3da5b625723cfe61624b0d02dc9ff1fc584a0209b09b395c3?s=96&d=mm&r=g","contentUrl":"https:\/\/secure.gravatar.com\/avatar\/1c5a98e1a1a794e3da5b625723cfe61624b0d02dc9ff1fc584a0209b09b395c3?s=96&d=mm&r=g","caption":"ibi-admin"},"sameAs":["https:\/\/www.trveinterculturel.com"],"url":"https:\/\/www.trveinterculturel.com\/en\/author\/ibi-admin\/"}]}},"_links":{"self":[{"href":"https:\/\/www.trveinterculturel.com\/en\/wp-json\/wp\/v2\/posts\/4167","targetHints":{"allow":["GET"]}}],"collection":[{"href":"https:\/\/www.trveinterculturel.com\/en\/wp-json\/wp\/v2\/posts"}],"about":[{"href":"https:\/\/www.trveinterculturel.com\/en\/wp-json\/wp\/v2\/types\/post"}],"author":[{"embeddable":true,"href":"https:\/\/www.trveinterculturel.com\/en\/wp-json\/wp\/v2\/users\/1"}],"replies":[{"embeddable":true,"href":"https:\/\/www.trveinterculturel.com\/en\/wp-json\/wp\/v2\/comments?post=4167"}],"version-history":[{"count":4,"href":"https:\/\/www.trveinterculturel.com\/en\/wp-json\/wp\/v2\/posts\/4167\/revisions"}],"predecessor-version":[{"id":4186,"href":"https:\/\/www.trveinterculturel.com\/en\/wp-json\/wp\/v2\/posts\/4167\/revisions\/4186"}],"wp:featuredmedia":[{"embeddable":true,"href":"https:\/\/www.trveinterculturel.com\/en\/wp-json\/wp\/v2\/media\/4146"}],"wp:attachment":[{"href":"https:\/\/www.trveinterculturel.com\/en\/wp-json\/wp\/v2\/media?parent=4167"}],"wp:term":[{"taxonomy":"category","embeddable":true,"href":"https:\/\/www.trveinterculturel.com\/en\/wp-json\/wp\/v2\/categories?post=4167"},{"taxonomy":"post_tag","embeddable":true,"href":"https:\/\/www.trveinterculturel.com\/en\/wp-json\/wp\/v2\/tags?post=4167"}],"curies":[{"name":"wp","href":"https:\/\/api.w.org\/{rel}","templated":true}]}}