{"id":4099,"date":"2023-07-28T06:01:36","date_gmt":"2023-07-28T10:01:36","guid":{"rendered":"https:\/\/www.trveinterculturel.com\/premio-a-la-excelencia-academica-2023\/"},"modified":"2023-07-31T12:49:37","modified_gmt":"2023-07-31T16:49:37","slug":"akademik-2023-mukemmellik-odulu","status":"publish","type":"post","link":"https:\/\/www.trveinterculturel.com\/tr\/akademik-2023-mukemmellik-odulu\/","title":{"rendered":"Akademik 2023 M\u00fckemmellik \u00d6d\u00fcl\u00fc"},"content":{"rendered":"<div class=\"fusion-fullwidth fullwidth-box fusion-builder-row-1 nonhundred-percent-fullwidth non-hundred-percent-height-scrolling\" style=\"--awb-border-radius-top-left:0px;--awb-border-radius-top-right:0px;--awb-border-radius-bottom-right:0px;--awb-border-radius-bottom-left:0px;\" ><div class=\"fusion-builder-row fusion-row\"><div class=\"fusion-layout-column fusion_builder_column fusion-builder-column-0 fusion_builder_column_1_1 1_1 fusion-one-full fusion-column-first fusion-column-last\" style=\"--awb-bg-size:cover;--awb-margin-bottom:0px;\"><div class=\"fusion-column-wrapper fusion-flex-column-wrapper-legacy\"><div class=\"fusion-text fusion-text-1\"><h3><em><strong>K\u00fclt\u00fcrleraras\u0131 K\u00f6pr\u00fcler Vakf\u0131, Akademik M\u00fckemmellik \u00d6d\u00fcl\u00fc 2023&#8217;teydi<\/strong><\/em><\/h3>\n<div class=\"page\" title=\"Page 1\">\n<div class=\"section\">\n<div class=\"layoutArea\">\n<div class=\"column\">\n<div class=\"page\" title=\"Page 1\">\n<div class=\"section\">\n<div class=\"layoutArea\">\n<div class=\"column\">\n<p><strong>K\u00fclt\u00fcrleraras\u0131 K\u00f6pr\u00fcler Vakf\u0131<\/strong>, Baruta Belediye Ba\u015fkanl\u0131\u011f\u0131 taraf\u0131ndan Akademik M\u00fckemmellik \u00d6d\u00fcl\u00fc 2023&#8217;te konu\u015fmac\u0131 olmak \u00fczere davet edilmesi \u00fczerine Huellas de Bondad Vakf\u0131 ve OrbeEX Vakf\u0131 ile birlikte etkinlikte haz\u0131r bulundu. Heyecan ve gurur dolu bir atmosferde, Baruta e\u011fitim toplulu\u011fu, akademik e\u011fitimlerinde b\u00fcy\u00fck \u00e7aba g\u00f6steren ve \u00e7al\u0131\u015fmalar\u0131nda ola\u011fan\u00fcst\u00fc performans sergileyen gen\u00e7leri onurland\u0131rmak i\u00e7in bir araya geldi.<\/p>\n<p>Bu b\u00fcy\u00fck etkinli\u011fe Belediye Ba\u015fkan\u0131 <em>Darwin Gonzalez<\/em> ba\u015fkanl\u0131k etti. Gonzalez Baruta Belediyesindeki farkl\u0131 okullardan 4.000&#8217;den fazla yetenekli ve \u00f6zverili \u00f6\u011frenciye akademik performanslar\u0131n\u0131 ba\u015far\u0131yla ve m\u00fckemmeliyet\u00e7ilik ruhuyla s\u00fcrd\u00fcrmelerini te\u015fvik etmek i\u00e7in \u00f6d\u00fcllendirildi.<\/p>\n<p>A\u00e7\u0131l\u0131\u015f t\u00f6reninde, Belediye Ba\u015fkan\u0131 <em>Darwin Gonz\u00e1lez<\/em> \u00f6d\u00fcl kazananlar\u0131 tebrik etti ve ki\u015fisel geli\u015fme i\u00e7in bir motor olarak e\u011fitimin \u00f6nemini vurgulad\u0131. M\u00fcreffeh bir toplumun in\u015fas\u0131nda \u00f6\u011frencilerin oynad\u0131\u011f\u0131 temel rol\u00fcn alt\u0131n\u0131 \u00e7izdi ve e\u011fitimlerinde \u00f6\u011fretmenlerin ve velilerin \u00f6nemine vurgu yapt\u0131.<\/p>\n<p>Ayr\u0131ca <a href=\"https:\/\/www.trveinterculturel.com\/\">K\u00fclt\u00fcrleraras\u0131 K\u00f6pr\u00fcler Vakf\u0131<\/a>, Huellas de Bondad Vakf\u0131 ve OrbeEx Vakf\u0131&#8217;n\u0131n \u00e7al\u0131\u015fmalar\u0131n\u0131 ve belediye topluluklar\u0131 i\u00e7inde yapt\u0131klar\u0131 faaliyetleri takdir etti.<\/p>\n<\/div>\n<\/div>\n<\/div>\n<\/div>\n<\/div>\n<\/div>\n<\/div>\n<\/div>\n<\/div><div class=\"fusion-text fusion-text-2\"><p><img decoding=\"async\" class=\"aligncenter size-full wp-image-4087\" src=\"https:\/\/www.trveinterculturel.com\/wp-content\/uploads\/2023\/07\/IMG_1572.jpg\" alt=\"La fundaci\u00f3n Puentes Interculturales estuvo presente en el Premio a la excelencia Acad\u00e9mica 2023\" width=\"1920\" height=\"1440\" srcset=\"https:\/\/www.trveinterculturel.com\/wp-content\/uploads\/2023\/07\/IMG_1572-200x150.jpg 200w, https:\/\/www.trveinterculturel.com\/wp-content\/uploads\/2023\/07\/IMG_1572-300x225.jpg 300w, https:\/\/www.trveinterculturel.com\/wp-content\/uploads\/2023\/07\/IMG_1572-400x300.jpg 400w, https:\/\/www.trveinterculturel.com\/wp-content\/uploads\/2023\/07\/IMG_1572-500x375.jpg 500w, https:\/\/www.trveinterculturel.com\/wp-content\/uploads\/2023\/07\/IMG_1572-600x450.jpg 600w, https:\/\/www.trveinterculturel.com\/wp-content\/uploads\/2023\/07\/IMG_1572-700x525.jpg 700w, https:\/\/www.trveinterculturel.com\/wp-content\/uploads\/2023\/07\/IMG_1572-768x576.jpg 768w, https:\/\/www.trveinterculturel.com\/wp-content\/uploads\/2023\/07\/IMG_1572-800x600.jpg 800w, https:\/\/www.trveinterculturel.com\/wp-content\/uploads\/2023\/07\/IMG_1572-1024x768.jpg 1024w, https:\/\/www.trveinterculturel.com\/wp-content\/uploads\/2023\/07\/IMG_1572-1200x900.jpg 1200w, https:\/\/www.trveinterculturel.com\/wp-content\/uploads\/2023\/07\/IMG_1572-1536x1152.jpg 1536w, https:\/\/www.trveinterculturel.com\/wp-content\/uploads\/2023\/07\/IMG_1572.jpg 1920w\" sizes=\"(max-width: 1920px) 100vw, 1920px\" \/><\/p>\n<\/div><div class=\"fusion-clearfix\"><\/div><\/div><\/div><\/div><\/div>\n","protected":false},"excerpt":{"rendered":"","protected":false},"author":1,"featured_media":4092,"comment_status":"closed","ping_status":"closed","sticky":false,"template":"","format":"standard","meta":{"footnotes":""},"categories":[110],"tags":[115],"class_list":["post-4099","post","type-post","status-publish","format-standard","has-post-thumbnail","hentry","category-trve-tr","tag-akademik-2023-mukemmellik-odulu"],"acf":[],"yoast_head":"<!-- This site is optimized with the Yoast SEO plugin v27.2 - https:\/\/yoast.com\/product\/yoast-seo-wordpress\/ -->\n<title>Akademik M\u00fckemmellik \u00d6d\u00fcl\u00fc 2023&#039;teydi<\/title>\n<meta name=\"description\" content=\"K\u00fclt\u00fcrleraras\u0131 K\u00f6pr\u00fcler Vakf\u0131 - Akademik M\u00fckemmellik \u00d6d\u00fcl\u00fc 2023&#039;teydi - https:\/\/www.trveinterculturel.com\" \/>\n<meta name=\"robots\" content=\"index, follow, max-snippet:-1, max-image-preview:large, max-video-preview:-1\" \/>\n<link rel=\"canonical\" href=\"https:\/\/www.trveinterculturel.com\/tr\/akademik-2023-mukemmellik-odulu\/\" \/>\n<meta property=\"og:locale\" content=\"tr_TR\" \/>\n<meta property=\"og:type\" content=\"article\" \/>\n<meta property=\"og:title\" content=\"Akademik M\u00fckemmellik \u00d6d\u00fcl\u00fc 2023&#039;teydi\" \/>\n<meta property=\"og:description\" content=\"K\u00fclt\u00fcrleraras\u0131 K\u00f6pr\u00fcler Vakf\u0131 - Akademik M\u00fckemmellik \u00d6d\u00fcl\u00fc 2023&#039;teydi - https:\/\/www.trveinterculturel.com\" \/>\n<meta property=\"og:url\" content=\"https:\/\/www.trveinterculturel.com\/tr\/akademik-2023-mukemmellik-odulu\/\" \/>\n<meta property=\"og:site_name\" content=\"Interculturel Bridges Foundation - Fundaci\u00f3n Puentes Interculturales\" \/>\n<meta property=\"article:published_time\" content=\"2023-07-28T10:01:36+00:00\" \/>\n<meta property=\"article:modified_time\" content=\"2023-07-31T16:49:37+00:00\" \/>\n<meta property=\"og:image\" content=\"https:\/\/www.trveinterculturel.com\/wp-content\/uploads\/2023\/07\/IMG_3570.jpg\" \/>\n\t<meta property=\"og:image:width\" content=\"1290\" \/>\n\t<meta property=\"og:image:height\" content=\"726\" \/>\n\t<meta property=\"og:image:type\" content=\"image\/jpeg\" \/>\n<meta name=\"author\" content=\"ibi-admin\" \/>\n<meta name=\"twitter:card\" content=\"summary_large_image\" \/>\n<meta name=\"twitter:label1\" content=\"Yazan:\" \/>\n\t<meta name=\"twitter:data1\" content=\"ibi-admin\" \/>\n\t<meta name=\"twitter:label2\" content=\"Tahmini okuma s\u00fcresi\" \/>\n\t<meta name=\"twitter:data2\" content=\"2 dakika\" \/>\n<script type=\"application\/ld+json\" class=\"yoast-schema-graph\">{\"@context\":\"https:\/\/schema.org\",\"@graph\":[{\"@type\":\"Article\",\"@id\":\"https:\/\/www.trveinterculturel.com\/tr\/akademik-2023-mukemmellik-odulu\/#article\",\"isPartOf\":{\"@id\":\"https:\/\/www.trveinterculturel.com\/tr\/akademik-2023-mukemmellik-odulu\/\"},\"author\":{\"name\":\"ibi-admin\",\"@id\":\"https:\/\/www.trveinterculturel.com\/tr\/#\/schema\/person\/90a13e3814ef3c72b8d9cc7be1cfd530\"},\"headline\":\"Akademik 2023 M\u00fckemmellik \u00d6d\u00fcl\u00fc\",\"datePublished\":\"2023-07-28T10:01:36+00:00\",\"dateModified\":\"2023-07-31T16:49:37+00:00\",\"mainEntityOfPage\":{\"@id\":\"https:\/\/www.trveinterculturel.com\/tr\/akademik-2023-mukemmellik-odulu\/\"},\"wordCount\":555,\"image\":{\"@id\":\"https:\/\/www.trveinterculturel.com\/tr\/akademik-2023-mukemmellik-odulu\/#primaryimage\"},\"thumbnailUrl\":\"https:\/\/www.trveinterculturel.com\/wp-content\/uploads\/2023\/07\/IMG_3570.jpg\",\"keywords\":[\"Akademik 2023 M\u00fckemmellik \u00d6d\u00fcl\u00fc\"],\"articleSection\":[\"TRVE\"],\"inLanguage\":\"tr\"},{\"@type\":\"WebPage\",\"@id\":\"https:\/\/www.trveinterculturel.com\/tr\/akademik-2023-mukemmellik-odulu\/\",\"url\":\"https:\/\/www.trveinterculturel.com\/tr\/akademik-2023-mukemmellik-odulu\/\",\"name\":\"Akademik M\u00fckemmellik \u00d6d\u00fcl\u00fc 2023'teydi\",\"isPartOf\":{\"@id\":\"https:\/\/www.trveinterculturel.com\/tr\/#website\"},\"primaryImageOfPage\":{\"@id\":\"https:\/\/www.trveinterculturel.com\/tr\/akademik-2023-mukemmellik-odulu\/#primaryimage\"},\"image\":{\"@id\":\"https:\/\/www.trveinterculturel.com\/tr\/akademik-2023-mukemmellik-odulu\/#primaryimage\"},\"thumbnailUrl\":\"https:\/\/www.trveinterculturel.com\/wp-content\/uploads\/2023\/07\/IMG_3570.jpg\",\"datePublished\":\"2023-07-28T10:01:36+00:00\",\"dateModified\":\"2023-07-31T16:49:37+00:00\",\"author\":{\"@id\":\"https:\/\/www.trveinterculturel.com\/tr\/#\/schema\/person\/90a13e3814ef3c72b8d9cc7be1cfd530\"},\"description\":\"K\u00fclt\u00fcrleraras\u0131 K\u00f6pr\u00fcler Vakf\u0131 - Akademik M\u00fckemmellik \u00d6d\u00fcl\u00fc 2023'teydi - https:\/\/www.trveinterculturel.com\",\"breadcrumb\":{\"@id\":\"https:\/\/www.trveinterculturel.com\/tr\/akademik-2023-mukemmellik-odulu\/#breadcrumb\"},\"inLanguage\":\"tr\",\"potentialAction\":[{\"@type\":\"ReadAction\",\"target\":[\"https:\/\/www.trveinterculturel.com\/tr\/akademik-2023-mukemmellik-odulu\/\"]}]},{\"@type\":\"ImageObject\",\"inLanguage\":\"tr\",\"@id\":\"https:\/\/www.trveinterculturel.com\/tr\/akademik-2023-mukemmellik-odulu\/#primaryimage\",\"url\":\"https:\/\/www.trveinterculturel.com\/wp-content\/uploads\/2023\/07\/IMG_3570.jpg\",\"contentUrl\":\"https:\/\/www.trveinterculturel.com\/wp-content\/uploads\/2023\/07\/IMG_3570.jpg\",\"width\":1290,\"height\":726,\"caption\":\"La fundaci\u00f3n Puentes Interculturales estuvo presente en el Premio a la excelencia Acad\u00e9mica 2023\"},{\"@type\":\"BreadcrumbList\",\"@id\":\"https:\/\/www.trveinterculturel.com\/tr\/akademik-2023-mukemmellik-odulu\/#breadcrumb\",\"itemListElement\":[{\"@type\":\"ListItem\",\"position\":1,\"name\":\"Home\",\"item\":\"https:\/\/www.trveinterculturel.com\/tr\/\"},{\"@type\":\"ListItem\",\"position\":2,\"name\":\"Akademik 2023 M\u00fckemmellik \u00d6d\u00fcl\u00fc\"}]},{\"@type\":\"WebSite\",\"@id\":\"https:\/\/www.trveinterculturel.com\/tr\/#website\",\"url\":\"https:\/\/www.trveinterculturel.com\/tr\/\",\"name\":\"Interculturel Bridges Foundation - Fundaci\u00f3n Puentes Interculturales\",\"description\":\"Turkey - Venezuela | Venezuela - Turqu\u00eda\",\"potentialAction\":[{\"@type\":\"SearchAction\",\"target\":{\"@type\":\"EntryPoint\",\"urlTemplate\":\"https:\/\/www.trveinterculturel.com\/tr\/?s={search_term_string}\"},\"query-input\":{\"@type\":\"PropertyValueSpecification\",\"valueRequired\":true,\"valueName\":\"search_term_string\"}}],\"inLanguage\":\"tr\"},{\"@type\":\"Person\",\"@id\":\"https:\/\/www.trveinterculturel.com\/tr\/#\/schema\/person\/90a13e3814ef3c72b8d9cc7be1cfd530\",\"name\":\"ibi-admin\",\"image\":{\"@type\":\"ImageObject\",\"inLanguage\":\"tr\",\"@id\":\"https:\/\/secure.gravatar.com\/avatar\/1c5a98e1a1a794e3da5b625723cfe61624b0d02dc9ff1fc584a0209b09b395c3?s=96&d=mm&r=g\",\"url\":\"https:\/\/secure.gravatar.com\/avatar\/1c5a98e1a1a794e3da5b625723cfe61624b0d02dc9ff1fc584a0209b09b395c3?s=96&d=mm&r=g\",\"contentUrl\":\"https:\/\/secure.gravatar.com\/avatar\/1c5a98e1a1a794e3da5b625723cfe61624b0d02dc9ff1fc584a0209b09b395c3?s=96&d=mm&r=g\",\"caption\":\"ibi-admin\"},\"sameAs\":[\"https:\/\/www.trveinterculturel.com\"],\"url\":\"https:\/\/www.trveinterculturel.com\/tr\/author\/ibi-admin\/\"}]}<\/script>\n<!-- \/ Yoast SEO plugin. -->","yoast_head_json":{"title":"Akademik M\u00fckemmellik \u00d6d\u00fcl\u00fc 2023'teydi","description":"K\u00fclt\u00fcrleraras\u0131 K\u00f6pr\u00fcler Vakf\u0131 - Akademik M\u00fckemmellik \u00d6d\u00fcl\u00fc 2023'teydi - https:\/\/www.trveinterculturel.com","robots":{"index":"index","follow":"follow","max-snippet":"max-snippet:-1","max-image-preview":"max-image-preview:large","max-video-preview":"max-video-preview:-1"},"canonical":"https:\/\/www.trveinterculturel.com\/tr\/akademik-2023-mukemmellik-odulu\/","og_locale":"tr_TR","og_type":"article","og_title":"Akademik M\u00fckemmellik \u00d6d\u00fcl\u00fc 2023'teydi","og_description":"K\u00fclt\u00fcrleraras\u0131 K\u00f6pr\u00fcler Vakf\u0131 - Akademik M\u00fckemmellik \u00d6d\u00fcl\u00fc 2023'teydi - https:\/\/www.trveinterculturel.com","og_url":"https:\/\/www.trveinterculturel.com\/tr\/akademik-2023-mukemmellik-odulu\/","og_site_name":"Interculturel Bridges Foundation - Fundaci\u00f3n Puentes Interculturales","article_published_time":"2023-07-28T10:01:36+00:00","article_modified_time":"2023-07-31T16:49:37+00:00","og_image":[{"width":1290,"height":726,"url":"https:\/\/www.trveinterculturel.com\/wp-content\/uploads\/2023\/07\/IMG_3570.jpg","type":"image\/jpeg"}],"author":"ibi-admin","twitter_card":"summary_large_image","twitter_misc":{"Yazan:":"ibi-admin","Tahmini okuma s\u00fcresi":"2 dakika"},"schema":{"@context":"https:\/\/schema.org","@graph":[{"@type":"Article","@id":"https:\/\/www.trveinterculturel.com\/tr\/akademik-2023-mukemmellik-odulu\/#article","isPartOf":{"@id":"https:\/\/www.trveinterculturel.com\/tr\/akademik-2023-mukemmellik-odulu\/"},"author":{"name":"ibi-admin","@id":"https:\/\/www.trveinterculturel.com\/tr\/#\/schema\/person\/90a13e3814ef3c72b8d9cc7be1cfd530"},"headline":"Akademik 2023 M\u00fckemmellik \u00d6d\u00fcl\u00fc","datePublished":"2023-07-28T10:01:36+00:00","dateModified":"2023-07-31T16:49:37+00:00","mainEntityOfPage":{"@id":"https:\/\/www.trveinterculturel.com\/tr\/akademik-2023-mukemmellik-odulu\/"},"wordCount":555,"image":{"@id":"https:\/\/www.trveinterculturel.com\/tr\/akademik-2023-mukemmellik-odulu\/#primaryimage"},"thumbnailUrl":"https:\/\/www.trveinterculturel.com\/wp-content\/uploads\/2023\/07\/IMG_3570.jpg","keywords":["Akademik 2023 M\u00fckemmellik \u00d6d\u00fcl\u00fc"],"articleSection":["TRVE"],"inLanguage":"tr"},{"@type":"WebPage","@id":"https:\/\/www.trveinterculturel.com\/tr\/akademik-2023-mukemmellik-odulu\/","url":"https:\/\/www.trveinterculturel.com\/tr\/akademik-2023-mukemmellik-odulu\/","name":"Akademik M\u00fckemmellik \u00d6d\u00fcl\u00fc 2023'teydi","isPartOf":{"@id":"https:\/\/www.trveinterculturel.com\/tr\/#website"},"primaryImageOfPage":{"@id":"https:\/\/www.trveinterculturel.com\/tr\/akademik-2023-mukemmellik-odulu\/#primaryimage"},"image":{"@id":"https:\/\/www.trveinterculturel.com\/tr\/akademik-2023-mukemmellik-odulu\/#primaryimage"},"thumbnailUrl":"https:\/\/www.trveinterculturel.com\/wp-content\/uploads\/2023\/07\/IMG_3570.jpg","datePublished":"2023-07-28T10:01:36+00:00","dateModified":"2023-07-31T16:49:37+00:00","author":{"@id":"https:\/\/www.trveinterculturel.com\/tr\/#\/schema\/person\/90a13e3814ef3c72b8d9cc7be1cfd530"},"description":"K\u00fclt\u00fcrleraras\u0131 K\u00f6pr\u00fcler Vakf\u0131 - Akademik M\u00fckemmellik \u00d6d\u00fcl\u00fc 2023'teydi - https:\/\/www.trveinterculturel.com","breadcrumb":{"@id":"https:\/\/www.trveinterculturel.com\/tr\/akademik-2023-mukemmellik-odulu\/#breadcrumb"},"inLanguage":"tr","potentialAction":[{"@type":"ReadAction","target":["https:\/\/www.trveinterculturel.com\/tr\/akademik-2023-mukemmellik-odulu\/"]}]},{"@type":"ImageObject","inLanguage":"tr","@id":"https:\/\/www.trveinterculturel.com\/tr\/akademik-2023-mukemmellik-odulu\/#primaryimage","url":"https:\/\/www.trveinterculturel.com\/wp-content\/uploads\/2023\/07\/IMG_3570.jpg","contentUrl":"https:\/\/www.trveinterculturel.com\/wp-content\/uploads\/2023\/07\/IMG_3570.jpg","width":1290,"height":726,"caption":"La fundaci\u00f3n Puentes Interculturales estuvo presente en el Premio a la excelencia Acad\u00e9mica 2023"},{"@type":"BreadcrumbList","@id":"https:\/\/www.trveinterculturel.com\/tr\/akademik-2023-mukemmellik-odulu\/#breadcrumb","itemListElement":[{"@type":"ListItem","position":1,"name":"Home","item":"https:\/\/www.trveinterculturel.com\/tr\/"},{"@type":"ListItem","position":2,"name":"Akademik 2023 M\u00fckemmellik \u00d6d\u00fcl\u00fc"}]},{"@type":"WebSite","@id":"https:\/\/www.trveinterculturel.com\/tr\/#website","url":"https:\/\/www.trveinterculturel.com\/tr\/","name":"Interculturel Bridges Foundation - Fundaci\u00f3n Puentes Interculturales","description":"Turkey - Venezuela | Venezuela - Turqu\u00eda","potentialAction":[{"@type":"SearchAction","target":{"@type":"EntryPoint","urlTemplate":"https:\/\/www.trveinterculturel.com\/tr\/?s={search_term_string}"},"query-input":{"@type":"PropertyValueSpecification","valueRequired":true,"valueName":"search_term_string"}}],"inLanguage":"tr"},{"@type":"Person","@id":"https:\/\/www.trveinterculturel.com\/tr\/#\/schema\/person\/90a13e3814ef3c72b8d9cc7be1cfd530","name":"ibi-admin","image":{"@type":"ImageObject","inLanguage":"tr","@id":"https:\/\/secure.gravatar.com\/avatar\/1c5a98e1a1a794e3da5b625723cfe61624b0d02dc9ff1fc584a0209b09b395c3?s=96&d=mm&r=g","url":"https:\/\/secure.gravatar.com\/avatar\/1c5a98e1a1a794e3da5b625723cfe61624b0d02dc9ff1fc584a0209b09b395c3?s=96&d=mm&r=g","contentUrl":"https:\/\/secure.gravatar.com\/avatar\/1c5a98e1a1a794e3da5b625723cfe61624b0d02dc9ff1fc584a0209b09b395c3?s=96&d=mm&r=g","caption":"ibi-admin"},"sameAs":["https:\/\/www.trveinterculturel.com"],"url":"https:\/\/www.trveinterculturel.com\/tr\/author\/ibi-admin\/"}]}},"_links":{"self":[{"href":"https:\/\/www.trveinterculturel.com\/tr\/wp-json\/wp\/v2\/posts\/4099","targetHints":{"allow":["GET"]}}],"collection":[{"href":"https:\/\/www.trveinterculturel.com\/tr\/wp-json\/wp\/v2\/posts"}],"about":[{"href":"https:\/\/www.trveinterculturel.com\/tr\/wp-json\/wp\/v2\/types\/post"}],"author":[{"embeddable":true,"href":"https:\/\/www.trveinterculturel.com\/tr\/wp-json\/wp\/v2\/users\/1"}],"replies":[{"embeddable":true,"href":"https:\/\/www.trveinterculturel.com\/tr\/wp-json\/wp\/v2\/comments?post=4099"}],"version-history":[{"count":4,"href":"https:\/\/www.trveinterculturel.com\/tr\/wp-json\/wp\/v2\/posts\/4099\/revisions"}],"predecessor-version":[{"id":4122,"href":"https:\/\/www.trveinterculturel.com\/tr\/wp-json\/wp\/v2\/posts\/4099\/revisions\/4122"}],"wp:featuredmedia":[{"embeddable":true,"href":"https:\/\/www.trveinterculturel.com\/tr\/wp-json\/wp\/v2\/media\/4092"}],"wp:attachment":[{"href":"https:\/\/www.trveinterculturel.com\/tr\/wp-json\/wp\/v2\/media?parent=4099"}],"wp:term":[{"taxonomy":"category","embeddable":true,"href":"https:\/\/www.trveinterculturel.com\/tr\/wp-json\/wp\/v2\/categories?post=4099"},{"taxonomy":"post_tag","embeddable":true,"href":"https:\/\/www.trveinterculturel.com\/tr\/wp-json\/wp\/v2\/tags?post=4099"}],"curies":[{"name":"wp","href":"https:\/\/api.w.org\/{rel}","templated":true}]}}